{"id":2717,"date":"2017-01-16T09:35:47","date_gmt":"2017-01-16T08:35:47","guid":{"rendered":"https:\/\/www.alphaares.com\/es\/2017\/01\/16\/alpha-ares-pagina-2-la2\/"},"modified":"2017-01-16T10:46:29","modified_gmt":"2017-01-16T09:46:29","slug":"alpha-ares-pagina-2-la2-guerra-de-irak","status":"publish","type":"post","link":"https:\/\/www.alphaares.com\/es\/2017\/01\/16\/alpha-ares-pagina-2-la2-guerra-de-irak\/","title":{"rendered":"Alpha Ares y la Guerra de Irak en P\u00e1gina 2 (La2 RTVE)"},"content":{"rendered":"<p>Los amigos del programa de cr\u00edtica literaria <a href=\"http:\/\/www.rtve.es\/television\/pagina-dos\/\" target=\"_blank\">P\u00e1gina 2<\/a> (de La2 de RTVE) nos han invitado a participar en uno de sus pr\u00f3ximos programas, que dedicar\u00e1n a la novela b\u00e9lica <em>Aunque caminen por el valle de la muerte<\/em>, de \u00c1lvaro Colomer (Literatura Random House), ambientado en la Guerra de Irak. Para ello hemos preparado un diorama del que sacaron im\u00e1genes para ambientar dicho programa, que se emitir\u00e1 el pr\u00f3ximo martes 24 de enero a las 21.20 horas en La2. \u00a1Aqu\u00ed os dejamos algunas fotos del making off!<\/p>\n\n\t\t<style type=\"text\/css\">\n\t\t\t#gallery-1 {\n\t\t\t\tmargin: auto;\n\t\t\t}\n\t\t\t#gallery-1 .gallery-item {\n\t\t\t\tfloat: left;\n\t\t\t\tmargin-top: 10px;\n\t\t\t\ttext-align: center;\n\t\t\t\twidth: 33%;\n\t\t\t}\n\t\t\t#gallery-1 img {\n\t\t\t\tborder: 2px solid #cfcfcf;\n\t\t\t}\n\t\t\t#gallery-1 .gallery-caption {\n\t\t\t\tmargin-left: 0;\n\t\t\t}\n\t\t\t\/* see gallery_shortcode() in wp-includes\/media.php *\/\n\t\t<\/style>\n\t\t<div id='gallery-1' class='gallery galleryid-2717 gallery-columns-3 gallery-size-thumbnail'><dl class='gallery-item'>\n\t\t\t<dt class='gallery-icon landscape'>\n\t\t\t\t<a href='https:\/\/www.alphaares.com\/es\/2017\/01\/16\/alpha-ares-pagina-2-la2-guerra-de-irak\/img_20170112_193430-2\/'><img loading=\"lazy\" decoding=\"async\" width=\"150\" height=\"150\" src=\"https:\/\/www.alphaares.com\/wp-content\/uploads\/2017\/01\/IMG_20170112_193430-150x150.jpg\" class=\"attachment-thumbnail size-thumbnail\" alt=\"\" \/><\/a>\n\t\t\t<\/dt><\/dl><dl class='gallery-item'>\n\t\t\t<dt class='gallery-icon landscape'>\n\t\t\t\t<a href='https:\/\/www.alphaares.com\/es\/2017\/01\/16\/alpha-ares-pagina-2-la2-guerra-de-irak\/img_20170112_193921-2\/'><img loading=\"lazy\" decoding=\"async\" width=\"150\" height=\"150\" src=\"https:\/\/www.alphaares.com\/wp-content\/uploads\/2017\/01\/IMG_20170112_193921-150x150.jpg\" class=\"attachment-thumbnail size-thumbnail\" alt=\"\" \/><\/a>\n\t\t\t<\/dt><\/dl><dl class='gallery-item'>\n\t\t\t<dt class='gallery-icon landscape'>\n\t\t\t\t<a href='https:\/\/www.alphaares.com\/es\/2017\/01\/16\/alpha-ares-pagina-2-la2-guerra-de-irak\/img_20170112_193929-2\/'><img loading=\"lazy\" decoding=\"async\" width=\"150\" height=\"150\" src=\"https:\/\/www.alphaares.com\/wp-content\/uploads\/2017\/01\/IMG_20170112_193929-150x150.jpg\" class=\"attachment-thumbnail size-thumbnail\" alt=\"\" \/><\/a>\n\t\t\t<\/dt><\/dl><br style=\"clear: both\" \/><dl class='gallery-item'>\n\t\t\t<dt class='gallery-icon landscape'>\n\t\t\t\t<a href='https:\/\/www.alphaares.com\/es\/2017\/01\/16\/alpha-ares-pagina-2-la2-guerra-de-irak\/img_20170112_193935-2\/'><img loading=\"lazy\" decoding=\"async\" width=\"150\" height=\"150\" src=\"https:\/\/www.alphaares.com\/wp-content\/uploads\/2017\/01\/IMG_20170112_193935-150x150.jpg\" class=\"attachment-thumbnail size-thumbnail\" alt=\"\" \/><\/a>\n\t\t\t<\/dt><\/dl><dl class='gallery-item'>\n\t\t\t<dt class='gallery-icon landscape'>\n\t\t\t\t<a href='https:\/\/www.alphaares.com\/es\/2017\/01\/16\/alpha-ares-pagina-2-la2-guerra-de-irak\/img_20170112_193949-2\/'><img loading=\"lazy\" decoding=\"async\" width=\"150\" height=\"150\" src=\"https:\/\/www.alphaares.com\/wp-content\/uploads\/2017\/01\/IMG_20170112_193949-150x150.jpg\" class=\"attachment-thumbnail size-thumbnail\" alt=\"\" \/><\/a>\n\t\t\t<\/dt><\/dl><dl class='gallery-item'>\n\t\t\t<dt class='gallery-icon landscape'>\n\t\t\t\t<a href='https:\/\/www.alphaares.com\/es\/2017\/01\/16\/alpha-ares-pagina-2-la2-guerra-de-irak\/img_20170112_193950-2\/'><img loading=\"lazy\" decoding=\"async\" width=\"150\" height=\"150\" src=\"https:\/\/www.alphaares.com\/wp-content\/uploads\/2017\/01\/IMG_20170112_193950-150x150.jpg\" class=\"attachment-thumbnail size-thumbnail\" alt=\"\" \/><\/a>\n\t\t\t<\/dt><\/dl><br style=\"clear: both\" \/><dl class='gallery-item'>\n\t\t\t<dt class='gallery-icon landscape'>\n\t\t\t\t<a href='https:\/\/www.alphaares.com\/es\/2017\/01\/16\/alpha-ares-pagina-2-la2-guerra-de-irak\/img_20170112_195321-2\/'><img loading=\"lazy\" decoding=\"async\" width=\"150\" height=\"150\" src=\"https:\/\/www.alphaares.com\/wp-content\/uploads\/2017\/01\/IMG_20170112_195321-150x150.jpg\" class=\"attachment-thumbnail size-thumbnail\" alt=\"\" \/><\/a>\n\t\t\t<\/dt><\/dl><dl class='gallery-item'>\n\t\t\t<dt class='gallery-icon landscape'>\n\t\t\t\t<a href='https:\/\/www.alphaares.com\/es\/2017\/01\/16\/alpha-ares-pagina-2-la2-guerra-de-irak\/img_20170112_195740-2\/'><img loading=\"lazy\" decoding=\"async\" width=\"150\" height=\"150\" src=\"https:\/\/www.alphaares.com\/wp-content\/uploads\/2017\/01\/IMG_20170112_195740-150x150.jpg\" class=\"attachment-thumbnail size-thumbnail\" alt=\"\" \/><\/a>\n\t\t\t<\/dt><\/dl><dl class='gallery-item'>\n\t\t\t<dt class='gallery-icon landscape'>\n\t\t\t\t<a href='https:\/\/www.alphaares.com\/es\/2017\/01\/16\/alpha-ares-pagina-2-la2-guerra-de-irak\/img_20170112_201202-2\/'><img loading=\"lazy\" decoding=\"async\" width=\"150\" height=\"150\" src=\"https:\/\/www.alphaares.com\/wp-content\/uploads\/2017\/01\/IMG_20170112_201202-150x150.jpg\" class=\"attachment-thumbnail size-thumbnail\" alt=\"\" \/><\/a>\n\t\t\t<\/dt><\/dl><br style=\"clear: both\" \/><dl class='gallery-item'>\n\t\t\t<dt class='gallery-icon landscape'>\n\t\t\t\t<a href='https:\/\/www.alphaares.com\/es\/2017\/01\/16\/alpha-ares-pagina-2-la2-guerra-de-irak\/img_20170112_202151-2\/'><img loading=\"lazy\" decoding=\"async\" width=\"150\" height=\"150\" src=\"https:\/\/www.alphaares.com\/wp-content\/uploads\/2017\/01\/IMG_20170112_202151-150x150.jpg\" class=\"attachment-thumbnail size-thumbnail\" alt=\"\" \/><\/a>\n\t\t\t<\/dt><\/dl><dl class='gallery-item'>\n\t\t\t<dt class='gallery-icon landscape'>\n\t\t\t\t<a href='https:\/\/www.alphaares.com\/es\/2017\/01\/16\/alpha-ares-pagina-2-la2-guerra-de-irak\/img_20170112_211334-2\/'><img loading=\"lazy\" decoding=\"async\" width=\"150\" height=\"150\" src=\"https:\/\/www.alphaares.com\/wp-content\/uploads\/2017\/01\/IMG_20170112_211334-150x150.jpg\" class=\"attachment-thumbnail size-thumbnail\" alt=\"\" \/><\/a>\n\t\t\t<\/dt><\/dl><dl class='gallery-item'>\n\t\t\t<dt class='gallery-icon landscape'>\n\t\t\t\t<a href='https:\/\/www.alphaares.com\/es\/2017\/01\/16\/alpha-ares-pagina-2-la2-guerra-de-irak\/img_20170112_213543-2\/'><img loading=\"lazy\" decoding=\"async\" width=\"150\" height=\"150\" src=\"https:\/\/www.alphaares.com\/wp-content\/uploads\/2017\/01\/IMG_20170112_213543-150x150.jpg\" class=\"attachment-thumbnail size-thumbnail\" alt=\"\" \/><\/a>\n\t\t\t<\/dt><\/dl><br style=\"clear: both\" \/>\n\t\t<\/div>\n\n<p>&nbsp;<\/p>\n","protected":false},"excerpt":{"rendered":"<p>Los amigos del programa de cr\u00edtica literaria P\u00e1gina 2 (de La2 de RTVE) nos han invitado a participar en uno de sus pr\u00f3ximos programas, que dedicar\u00e1n a la novela b\u00e9lica [&hellip;]<\/p>\n","protected":false},"author":3,"featured_media":2715,"comment_status":"open","ping_status":"closed","sticky":false,"template":"","format":"standard","meta":{"_acf_changed":false,"_et_pb_use_builder":"","_et_pb_old_content":"","_et_gb_content_width":"","footnotes":""},"categories":[1],"tags":[297,127,298],"class_list":["post-2717","post","type-post","status-publish","format-standard","has-post-thumbnail","hentry","category-sin-categoria","tag-alpha-ares-la2-es","tag-club-wargames-barcelona-es","tag-guerra-de-irak-es"],"acf":[],"yoast_head":"<!-- This site is optimized with the Yoast SEO plugin v27.5 - https:\/\/yoast.com\/product\/yoast-seo-wordpress\/ -->\n<title>Alpha Ares y la Guerra de Irak en P\u00e1gina 2 (La2 RTVE) - Alpha Ares<\/title>\n<meta name=\"description\" content=\"Una maqueta del club Alpha Ares sobre la Guerra de Irak servir\u00e1 a P\u00e1gina 2 para ilustrar Aunque caminen por el valle de la muerte, de A. Colomer.\" \/>\n<meta name=\"robots\" content=\"index, follow, max-snippet:-1, max-image-preview:large, max-video-preview:-1\" \/>\n<link rel=\"canonical\" href=\"https:\/\/www.alphaares.com\/es\/2017\/01\/16\/alpha-ares-pagina-2-la2-guerra-de-irak\/\" \/>\n<meta property=\"og:locale\" content=\"es_ES\" \/>\n<meta property=\"og:type\" content=\"article\" \/>\n<meta property=\"og:title\" content=\"Alpha Ares y la Guerra de Irak en P\u00e1gina 2 (La2 RTVE) - Alpha Ares\" \/>\n<meta property=\"og:description\" content=\"Una maqueta del club Alpha Ares sobre la Guerra de Irak servir\u00e1 a P\u00e1gina 2 para ilustrar Aunque caminen por el valle de la muerte, de A. Colomer.\" \/>\n<meta property=\"og:url\" content=\"https:\/\/www.alphaares.com\/es\/2017\/01\/16\/alpha-ares-pagina-2-la2-guerra-de-irak\/\" \/>\n<meta property=\"og:site_name\" content=\"Alpha Ares\" \/>\n<meta property=\"article:published_time\" content=\"2017-01-16T08:35:47+00:00\" \/>\n<meta property=\"article:modified_time\" content=\"2017-01-16T09:46:29+00:00\" \/>\n<meta property=\"og:image\" content=\"https:\/\/www.alphaares.com\/wp-content\/uploads\/2017\/01\/IMG_20170112_213543.jpg\" \/>\n\t<meta property=\"og:image:width\" content=\"1920\" \/>\n\t<meta property=\"og:image:height\" content=\"1440\" \/>\n\t<meta property=\"og:image:type\" content=\"image\/jpeg\" \/>\n<meta name=\"author\" content=\"presidentalpha\" \/>\n<meta name=\"twitter:card\" content=\"summary_large_image\" \/>\n<meta name=\"twitter:label1\" content=\"Escrito por\" \/>\n\t<meta name=\"twitter:data1\" content=\"presidentalpha\" \/>\n<script type=\"application\/ld+json\" class=\"yoast-schema-graph\">{\"@context\":\"https:\\\/\\\/schema.org\",\"@graph\":[{\"@type\":\"Article\",\"@id\":\"https:\\\/\\\/www.alphaares.com\\\/es\\\/2017\\\/01\\\/16\\\/alpha-ares-pagina-2-la2-guerra-de-irak\\\/#article\",\"isPartOf\":{\"@id\":\"https:\\\/\\\/www.alphaares.com\\\/es\\\/2017\\\/01\\\/16\\\/alpha-ares-pagina-2-la2-guerra-de-irak\\\/\"},\"author\":{\"name\":\"presidentalpha\",\"@id\":\"https:\\\/\\\/www.alphaares.com\\\/es\\\/#\\\/schema\\\/person\\\/14c876c0fed0367d87e27645b24f757b\"},\"headline\":\"Alpha Ares y la Guerra de Irak en P\u00e1gina 2 (La2 RTVE)\",\"datePublished\":\"2017-01-16T08:35:47+00:00\",\"dateModified\":\"2017-01-16T09:46:29+00:00\",\"mainEntityOfPage\":{\"@id\":\"https:\\\/\\\/www.alphaares.com\\\/es\\\/2017\\\/01\\\/16\\\/alpha-ares-pagina-2-la2-guerra-de-irak\\\/\"},\"wordCount\":106,\"commentCount\":0,\"image\":{\"@id\":\"https:\\\/\\\/www.alphaares.com\\\/es\\\/2017\\\/01\\\/16\\\/alpha-ares-pagina-2-la2-guerra-de-irak\\\/#primaryimage\"},\"thumbnailUrl\":\"https:\\\/\\\/www.alphaares.com\\\/wp-content\\\/uploads\\\/2017\\\/01\\\/IMG_20170112_213543.jpg\",\"keywords\":[\"Alpha Ares la2\",\"club wargames Barcelona\",\"Guerra de Irak\"],\"inLanguage\":\"es\",\"potentialAction\":[{\"@type\":\"CommentAction\",\"name\":\"Comment\",\"target\":[\"https:\\\/\\\/www.alphaares.com\\\/es\\\/2017\\\/01\\\/16\\\/alpha-ares-pagina-2-la2-guerra-de-irak\\\/#respond\"]}]},{\"@type\":\"WebPage\",\"@id\":\"https:\\\/\\\/www.alphaares.com\\\/es\\\/2017\\\/01\\\/16\\\/alpha-ares-pagina-2-la2-guerra-de-irak\\\/\",\"url\":\"https:\\\/\\\/www.alphaares.com\\\/es\\\/2017\\\/01\\\/16\\\/alpha-ares-pagina-2-la2-guerra-de-irak\\\/\",\"name\":\"Alpha Ares y la Guerra de Irak en P\u00e1gina 2 (La2 RTVE) - Alpha Ares\",\"isPartOf\":{\"@id\":\"https:\\\/\\\/www.alphaares.com\\\/es\\\/#website\"},\"primaryImageOfPage\":{\"@id\":\"https:\\\/\\\/www.alphaares.com\\\/es\\\/2017\\\/01\\\/16\\\/alpha-ares-pagina-2-la2-guerra-de-irak\\\/#primaryimage\"},\"image\":{\"@id\":\"https:\\\/\\\/www.alphaares.com\\\/es\\\/2017\\\/01\\\/16\\\/alpha-ares-pagina-2-la2-guerra-de-irak\\\/#primaryimage\"},\"thumbnailUrl\":\"https:\\\/\\\/www.alphaares.com\\\/wp-content\\\/uploads\\\/2017\\\/01\\\/IMG_20170112_213543.jpg\",\"datePublished\":\"2017-01-16T08:35:47+00:00\",\"dateModified\":\"2017-01-16T09:46:29+00:00\",\"author\":{\"@id\":\"https:\\\/\\\/www.alphaares.com\\\/es\\\/#\\\/schema\\\/person\\\/14c876c0fed0367d87e27645b24f757b\"},\"description\":\"Una maqueta del club Alpha Ares sobre la Guerra de Irak servir\u00e1 a P\u00e1gina 2 para ilustrar Aunque caminen por el valle de la muerte, de A. Colomer.\",\"breadcrumb\":{\"@id\":\"https:\\\/\\\/www.alphaares.com\\\/es\\\/2017\\\/01\\\/16\\\/alpha-ares-pagina-2-la2-guerra-de-irak\\\/#breadcrumb\"},\"inLanguage\":\"es\",\"potentialAction\":[{\"@type\":\"ReadAction\",\"target\":[\"https:\\\/\\\/www.alphaares.com\\\/es\\\/2017\\\/01\\\/16\\\/alpha-ares-pagina-2-la2-guerra-de-irak\\\/\"]}]},{\"@type\":\"ImageObject\",\"inLanguage\":\"es\",\"@id\":\"https:\\\/\\\/www.alphaares.com\\\/es\\\/2017\\\/01\\\/16\\\/alpha-ares-pagina-2-la2-guerra-de-irak\\\/#primaryimage\",\"url\":\"https:\\\/\\\/www.alphaares.com\\\/wp-content\\\/uploads\\\/2017\\\/01\\\/IMG_20170112_213543.jpg\",\"contentUrl\":\"https:\\\/\\\/www.alphaares.com\\\/wp-content\\\/uploads\\\/2017\\\/01\\\/IMG_20170112_213543.jpg\",\"width\":1920,\"height\":1440},{\"@type\":\"BreadcrumbList\",\"@id\":\"https:\\\/\\\/www.alphaares.com\\\/es\\\/2017\\\/01\\\/16\\\/alpha-ares-pagina-2-la2-guerra-de-irak\\\/#breadcrumb\",\"itemListElement\":[{\"@type\":\"ListItem\",\"position\":1,\"name\":\"Portada\",\"item\":\"https:\\\/\\\/www.alphaares.com\\\/\"},{\"@type\":\"ListItem\",\"position\":2,\"name\":\"Alpha Ares y la Guerra de Irak en P\u00e1gina 2 (La2 RTVE)\"}]},{\"@type\":\"WebSite\",\"@id\":\"https:\\\/\\\/www.alphaares.com\\\/es\\\/#website\",\"url\":\"https:\\\/\\\/www.alphaares.com\\\/es\\\/\",\"name\":\"Alpha Ares\",\"description\":\"\u00a0\",\"potentialAction\":[{\"@type\":\"SearchAction\",\"target\":{\"@type\":\"EntryPoint\",\"urlTemplate\":\"https:\\\/\\\/www.alphaares.com\\\/es\\\/?s={search_term_string}\"},\"query-input\":{\"@type\":\"PropertyValueSpecification\",\"valueRequired\":true,\"valueName\":\"search_term_string\"}}],\"inLanguage\":\"es\"},{\"@type\":\"Person\",\"@id\":\"https:\\\/\\\/www.alphaares.com\\\/es\\\/#\\\/schema\\\/person\\\/14c876c0fed0367d87e27645b24f757b\",\"name\":\"presidentalpha\",\"image\":{\"@type\":\"ImageObject\",\"inLanguage\":\"es\",\"@id\":\"https:\\\/\\\/secure.gravatar.com\\\/avatar\\\/1348ffc716a66b53266d7f53e0f7d245fbfd1d718327b1deb651f5f4b0d406ce?s=96&d=mm&r=g\",\"url\":\"https:\\\/\\\/secure.gravatar.com\\\/avatar\\\/1348ffc716a66b53266d7f53e0f7d245fbfd1d718327b1deb651f5f4b0d406ce?s=96&d=mm&r=g\",\"contentUrl\":\"https:\\\/\\\/secure.gravatar.com\\\/avatar\\\/1348ffc716a66b53266d7f53e0f7d245fbfd1d718327b1deb651f5f4b0d406ce?s=96&d=mm&r=g\",\"caption\":\"presidentalpha\"},\"url\":\"https:\\\/\\\/www.alphaares.com\\\/es\\\/author\\\/presidentalpha\\\/\"}]}<\/script>\n<!-- \/ Yoast SEO plugin. -->","yoast_head_json":{"title":"Alpha Ares y la Guerra de Irak en P\u00e1gina 2 (La2 RTVE) - Alpha Ares","description":"Una maqueta del club Alpha Ares sobre la Guerra de Irak servir\u00e1 a P\u00e1gina 2 para ilustrar Aunque caminen por el valle de la muerte, de A. Colomer.","robots":{"index":"index","follow":"follow","max-snippet":"max-snippet:-1","max-image-preview":"max-image-preview:large","max-video-preview":"max-video-preview:-1"},"canonical":"https:\/\/www.alphaares.com\/es\/2017\/01\/16\/alpha-ares-pagina-2-la2-guerra-de-irak\/","og_locale":"es_ES","og_type":"article","og_title":"Alpha Ares y la Guerra de Irak en P\u00e1gina 2 (La2 RTVE) - Alpha Ares","og_description":"Una maqueta del club Alpha Ares sobre la Guerra de Irak servir\u00e1 a P\u00e1gina 2 para ilustrar Aunque caminen por el valle de la muerte, de A. Colomer.","og_url":"https:\/\/www.alphaares.com\/es\/2017\/01\/16\/alpha-ares-pagina-2-la2-guerra-de-irak\/","og_site_name":"Alpha Ares","article_published_time":"2017-01-16T08:35:47+00:00","article_modified_time":"2017-01-16T09:46:29+00:00","og_image":[{"width":1920,"height":1440,"url":"https:\/\/www.alphaares.com\/wp-content\/uploads\/2017\/01\/IMG_20170112_213543.jpg","type":"image\/jpeg"}],"author":"presidentalpha","twitter_card":"summary_large_image","twitter_misc":{"Escrito por":"presidentalpha"},"schema":{"@context":"https:\/\/schema.org","@graph":[{"@type":"Article","@id":"https:\/\/www.alphaares.com\/es\/2017\/01\/16\/alpha-ares-pagina-2-la2-guerra-de-irak\/#article","isPartOf":{"@id":"https:\/\/www.alphaares.com\/es\/2017\/01\/16\/alpha-ares-pagina-2-la2-guerra-de-irak\/"},"author":{"name":"presidentalpha","@id":"https:\/\/www.alphaares.com\/es\/#\/schema\/person\/14c876c0fed0367d87e27645b24f757b"},"headline":"Alpha Ares y la Guerra de Irak en P\u00e1gina 2 (La2 RTVE)","datePublished":"2017-01-16T08:35:47+00:00","dateModified":"2017-01-16T09:46:29+00:00","mainEntityOfPage":{"@id":"https:\/\/www.alphaares.com\/es\/2017\/01\/16\/alpha-ares-pagina-2-la2-guerra-de-irak\/"},"wordCount":106,"commentCount":0,"image":{"@id":"https:\/\/www.alphaares.com\/es\/2017\/01\/16\/alpha-ares-pagina-2-la2-guerra-de-irak\/#primaryimage"},"thumbnailUrl":"https:\/\/www.alphaares.com\/wp-content\/uploads\/2017\/01\/IMG_20170112_213543.jpg","keywords":["Alpha Ares la2","club wargames Barcelona","Guerra de Irak"],"inLanguage":"es","potentialAction":[{"@type":"CommentAction","name":"Comment","target":["https:\/\/www.alphaares.com\/es\/2017\/01\/16\/alpha-ares-pagina-2-la2-guerra-de-irak\/#respond"]}]},{"@type":"WebPage","@id":"https:\/\/www.alphaares.com\/es\/2017\/01\/16\/alpha-ares-pagina-2-la2-guerra-de-irak\/","url":"https:\/\/www.alphaares.com\/es\/2017\/01\/16\/alpha-ares-pagina-2-la2-guerra-de-irak\/","name":"Alpha Ares y la Guerra de Irak en P\u00e1gina 2 (La2 RTVE) - Alpha Ares","isPartOf":{"@id":"https:\/\/www.alphaares.com\/es\/#website"},"primaryImageOfPage":{"@id":"https:\/\/www.alphaares.com\/es\/2017\/01\/16\/alpha-ares-pagina-2-la2-guerra-de-irak\/#primaryimage"},"image":{"@id":"https:\/\/www.alphaares.com\/es\/2017\/01\/16\/alpha-ares-pagina-2-la2-guerra-de-irak\/#primaryimage"},"thumbnailUrl":"https:\/\/www.alphaares.com\/wp-content\/uploads\/2017\/01\/IMG_20170112_213543.jpg","datePublished":"2017-01-16T08:35:47+00:00","dateModified":"2017-01-16T09:46:29+00:00","author":{"@id":"https:\/\/www.alphaares.com\/es\/#\/schema\/person\/14c876c0fed0367d87e27645b24f757b"},"description":"Una maqueta del club Alpha Ares sobre la Guerra de Irak servir\u00e1 a P\u00e1gina 2 para ilustrar Aunque caminen por el valle de la muerte, de A. Colomer.","breadcrumb":{"@id":"https:\/\/www.alphaares.com\/es\/2017\/01\/16\/alpha-ares-pagina-2-la2-guerra-de-irak\/#breadcrumb"},"inLanguage":"es","potentialAction":[{"@type":"ReadAction","target":["https:\/\/www.alphaares.com\/es\/2017\/01\/16\/alpha-ares-pagina-2-la2-guerra-de-irak\/"]}]},{"@type":"ImageObject","inLanguage":"es","@id":"https:\/\/www.alphaares.com\/es\/2017\/01\/16\/alpha-ares-pagina-2-la2-guerra-de-irak\/#primaryimage","url":"https:\/\/www.alphaares.com\/wp-content\/uploads\/2017\/01\/IMG_20170112_213543.jpg","contentUrl":"https:\/\/www.alphaares.com\/wp-content\/uploads\/2017\/01\/IMG_20170112_213543.jpg","width":1920,"height":1440},{"@type":"BreadcrumbList","@id":"https:\/\/www.alphaares.com\/es\/2017\/01\/16\/alpha-ares-pagina-2-la2-guerra-de-irak\/#breadcrumb","itemListElement":[{"@type":"ListItem","position":1,"name":"Portada","item":"https:\/\/www.alphaares.com\/"},{"@type":"ListItem","position":2,"name":"Alpha Ares y la Guerra de Irak en P\u00e1gina 2 (La2 RTVE)"}]},{"@type":"WebSite","@id":"https:\/\/www.alphaares.com\/es\/#website","url":"https:\/\/www.alphaares.com\/es\/","name":"Alpha Ares","description":"\u00a0","potentialAction":[{"@type":"SearchAction","target":{"@type":"EntryPoint","urlTemplate":"https:\/\/www.alphaares.com\/es\/?s={search_term_string}"},"query-input":{"@type":"PropertyValueSpecification","valueRequired":true,"valueName":"search_term_string"}}],"inLanguage":"es"},{"@type":"Person","@id":"https:\/\/www.alphaares.com\/es\/#\/schema\/person\/14c876c0fed0367d87e27645b24f757b","name":"presidentalpha","image":{"@type":"ImageObject","inLanguage":"es","@id":"https:\/\/secure.gravatar.com\/avatar\/1348ffc716a66b53266d7f53e0f7d245fbfd1d718327b1deb651f5f4b0d406ce?s=96&d=mm&r=g","url":"https:\/\/secure.gravatar.com\/avatar\/1348ffc716a66b53266d7f53e0f7d245fbfd1d718327b1deb651f5f4b0d406ce?s=96&d=mm&r=g","contentUrl":"https:\/\/secure.gravatar.com\/avatar\/1348ffc716a66b53266d7f53e0f7d245fbfd1d718327b1deb651f5f4b0d406ce?s=96&d=mm&r=g","caption":"presidentalpha"},"url":"https:\/\/www.alphaares.com\/es\/author\/presidentalpha\/"}]}},"_links":{"self":[{"href":"https:\/\/www.alphaares.com\/es\/wp-json\/wp\/v2\/posts\/2717","targetHints":{"allow":["GET"]}}],"collection":[{"href":"https:\/\/www.alphaares.com\/es\/wp-json\/wp\/v2\/posts"}],"about":[{"href":"https:\/\/www.alphaares.com\/es\/wp-json\/wp\/v2\/types\/post"}],"author":[{"embeddable":true,"href":"https:\/\/www.alphaares.com\/es\/wp-json\/wp\/v2\/users\/3"}],"replies":[{"embeddable":true,"href":"https:\/\/www.alphaares.com\/es\/wp-json\/wp\/v2\/comments?post=2717"}],"version-history":[{"count":2,"href":"https:\/\/www.alphaares.com\/es\/wp-json\/wp\/v2\/posts\/2717\/revisions"}],"predecessor-version":[{"id":2721,"href":"https:\/\/www.alphaares.com\/es\/wp-json\/wp\/v2\/posts\/2717\/revisions\/2721"}],"wp:featuredmedia":[{"embeddable":true,"href":"https:\/\/www.alphaares.com\/es\/wp-json\/wp\/v2\/media\/2715"}],"wp:attachment":[{"href":"https:\/\/www.alphaares.com\/es\/wp-json\/wp\/v2\/media?parent=2717"}],"wp:term":[{"taxonomy":"category","embeddable":true,"href":"https:\/\/www.alphaares.com\/es\/wp-json\/wp\/v2\/categories?post=2717"},{"taxonomy":"post_tag","embeddable":true,"href":"https:\/\/www.alphaares.com\/es\/wp-json\/wp\/v2\/tags?post=2717"}],"curies":[{"name":"wp","href":"https:\/\/api.w.org\/{rel}","templated":true}]}}